{"id":4402,"date":"2026-03-20T23:52:27","date_gmt":"2026-03-21T02:52:27","guid":{"rendered":"https:\/\/grupobyild.com.br\/?p=4402"},"modified":"2026-03-21T00:07:59","modified_gmt":"2026-03-21T03:07:59","slug":"como-a-nanotecnologia-esta-revolucionando-os-dermocosmeticos-para-a-saude-da-pele","status":"publish","type":"post","link":"https:\/\/grupobyild.com.br\/index.php\/2026\/03\/20\/como-a-nanotecnologia-esta-revolucionando-os-dermocosmeticos-para-a-saude-da-pele\/","title":{"rendered":"A nova era do skincare: por que a sa\u00fade da pele \u00e9 prioridade \u2014 e n\u00e3o est\u00e9tica"},"content":{"rendered":"\t\t<div data-elementor-type=\"wp-post\" data-elementor-id=\"4402\" class=\"elementor elementor-4402\">\n\t\t\t\t<div class=\"elementor-element elementor-element-273c61c4 e-flex e-con-boxed lakit-col-width-auto-no e-container e-root-container elementor-top-section e-con e-parent\" data-id=\"273c61c4\" data-element_type=\"container\" data-e-type=\"container\">\n\t\t\t\t\t<div class=\"e-con-inner\">\n\t\t\t\t<div class=\"elementor-element elementor-element-1bed0a2d elementor-drop-cap-yes elementor-drop-cap-view-default elementor-widget elementor-widget-text-editor\" data-id=\"1bed0a2d\" data-element_type=\"widget\" data-e-type=\"widget\" data-settings=\"{&quot;drop_cap&quot;:&quot;yes&quot;}\" data-widget_type=\"text-editor.default\">\n\t\t\t\t<div class=\"elementor-widget-container\">\n\t\t\t\t\t\t\t\t\t<p>Durante muito tempo, o cuidado com a pele foi associado exclusivamente \u00e0 est\u00e9tica. No entanto, a dermatologia moderna trouxe uma nova perspectiva: a pele \u00e9 um \u00f3rg\u00e3o vital, essencial para a prote\u00e7\u00e3o do organismo e manuten\u00e7\u00e3o da sa\u00fade.<\/p><p>No Grupo Byild, essa vis\u00e3o \u00e9 central. Desenvolvemos solu\u00e7\u00f5es que v\u00e3o al\u00e9m da apar\u00eancia, focadas na <strong>restaura\u00e7\u00e3o da integridade cut\u00e2nea e na preserva\u00e7\u00e3o da vida<\/strong>.<\/p><hr \/><h2><br \/>O Papel Fundamental da Pele na Sa\u00fade<\/h2><p>A pele \u00e9 a primeira linha de defesa do corpo contra agentes externos, atuando como uma barreira protetora contra microrganismos, subst\u00e2ncias qu\u00edmicas e agress\u00f5es f\u00edsicas.<\/p><p>Quando essa barreira \u00e9 comprometida, o organismo fica vulner\u00e1vel a:<\/p><ul><li><p>Infec\u00e7\u00f5es cut\u00e2neas<\/p><\/li><li><p>Inflama\u00e7\u00f5es recorrentes<\/p><\/li><li><p>Les\u00f5es por press\u00e3o<\/p><\/li><li><p>Dermatites e irrita\u00e7\u00f5es<\/p><\/li><\/ul><p>Por isso, cuidar da pele n\u00e3o \u00e9 uma quest\u00e3o est\u00e9tica \u2014 \u00e9 uma necessidade cl\u00ednica.<\/p><hr \/><h2><br \/>O Impacto da Fragilidade Cut\u00e2nea em Pacientes Vulner\u00e1veis<\/h2><p>Pacientes idosos, acamados, cadeirantes e diab\u00e9ticos apresentam maior risco de comprometimento da pele.<\/p><p>Nesses casos, fatores como:<\/p><ul><li><p>Umidade excessiva<\/p><\/li><li><p>Atrito constante<\/p><\/li><li><p>Higieniza\u00e7\u00e3o inadequada<\/p><\/li><\/ul><p>podem desencadear les\u00f5es graves, impactando diretamente a qualidade de vida.<\/p><hr \/><h2><br \/>O Novo Papel dos Dermocosm\u00e9ticos<\/h2><p>Os dermocosm\u00e9ticos evolu\u00edram e hoje atuam como aliados essenciais na sa\u00fade da pele.<\/p><p>Mais do que hidratar, eles s\u00e3o respons\u00e1veis por:<\/p><ul><li><p>Preservar a barreira cut\u00e2nea<\/p><\/li><li><p>Equilibrar o pH fisiol\u00f3gico<\/p><\/li><li><p>Reduzir riscos de infec\u00e7\u00e3o<\/p><\/li><li><p>Promover regenera\u00e7\u00e3o da pele<\/p><\/li><\/ul><p>Essa \u00e9 a base do conceito BYILDCARE: <strong>cuidado inteligente, preventivo e restaurador<\/strong>.<\/p><hr \/><h2><br \/>A Import\u00e2ncia da Higieniza\u00e7\u00e3o Segura<\/h2><p>A limpeza da pele \u00e9 o primeiro passo para manter sua integridade. No entanto, produtos agressivos podem remover n\u00e3o apenas impurezas, mas tamb\u00e9m a prote\u00e7\u00e3o natural da pele.<\/p><p>Uma higieniza\u00e7\u00e3o eficaz deve:<\/p><ul><li><p>Limpar sem agredir<\/p><\/li><li><p>Preservar a microbiota cut\u00e2nea<\/p><\/li><li><p>Manter o equil\u00edbrio fisiol\u00f3gico<\/p><\/li><\/ul><hr \/><h2><br \/>CLEANTIV: Tecnologia e Prote\u00e7\u00e3o na Higieniza\u00e7\u00e3o da Pele<\/h2><p>O <strong>CLEANTIV \u2013 Espuma de Limpeza Antiss\u00e9ptica<\/strong> foi desenvolvido para oferecer uma higieniza\u00e7\u00e3o completa e segura, especialmente para peles sens\u00edveis e vulner\u00e1veis.<\/p><p>Sua formula\u00e7\u00e3o avan\u00e7ada promove:<\/p><ul><li><p>Elimina\u00e7\u00e3o de 99,9% de germes e bact\u00e9rias<\/p><\/li><li><p>Limpeza profunda sem necessidade de enx\u00e1gue<\/p><\/li><li><p>Preserva\u00e7\u00e3o do pH fisiol\u00f3gico da pele<\/p><\/li><li><p>Prote\u00e7\u00e3o da flora cut\u00e2nea<\/p><\/li><\/ul><p>Al\u00e9m disso, sua a\u00e7\u00e3o suave reduz irrita\u00e7\u00f5es e contribui para a manuten\u00e7\u00e3o da barreira natural da pele.<\/p><hr \/><h2><br \/>Conclus\u00e3o<\/h2><p>A nova era do skincare \u00e9 guiada pela ci\u00eancia, pela preven\u00e7\u00e3o e pelo cuidado real com a sa\u00fade.<\/p><p>Cuidar da pele \u00e9 proteger o organismo, prevenir complica\u00e7\u00f5es e promover qualidade de vida.<\/p><p><strong>Grupo Byild<\/strong><br \/>CONSTRU\u00cdNDO PELES, RESTAURANDO VIDAS.<\/p>\t\t\t\t\t\t\t\t<\/div>\n\t\t\t\t<\/div>\n\t\t\t\t\t<\/div>\n\t\t\t\t<\/div>\n\t\t<div class=\"elementor-element elementor-element-f292188 e-flex e-con-boxed lakit-col-width-auto-no e-container e-root-container elementor-top-section e-con e-parent\" data-id=\"f292188\" data-element_type=\"container\" data-e-type=\"container\">\n\t\t\t\t\t<div class=\"e-con-inner\">\n\t\t\t\t<div class=\"elementor-element elementor-element-630f0bd elementor-widget elementor-widget-spacer\" data-id=\"630f0bd\" data-element_type=\"widget\" data-e-type=\"widget\" data-widget_type=\"spacer.default\">\n\t\t\t\t<div class=\"elementor-widget-container\">\n\t\t\t\t\t\t\t<div class=\"elementor-spacer\">\n\t\t\t<div class=\"elementor-spacer-inner\"><\/div>\n\t\t<\/div>\n\t\t\t\t\t\t<\/div>\n\t\t\t\t<\/div>\n\t\t\t\t<div class=\"elementor-element elementor-element-3413e8d elementor-widget elementor-widget-image\" data-id=\"3413e8d\" data-element_type=\"widget\" data-e-type=\"widget\" data-widget_type=\"image.default\">\n\t\t\t\t<div class=\"elementor-widget-container\">\n\t\t\t\t\t\t\t\t\t\t\t\t\t\t\t<img fetchpriority=\"high\" decoding=\"async\" width=\"1920\" height=\"1080\" src=\"https:\/\/grupobyild.com.br\/wp-content\/uploads\/2026\/03\/cleantiv-byildcare.png\" class=\"attachment-large size-large wp-image-4408\" alt=\"\" srcset=\"https:\/\/grupobyild.com.br\/wp-content\/uploads\/2026\/03\/cleantiv-byildcare.png 1920w, https:\/\/grupobyild.com.br\/wp-content\/uploads\/2026\/03\/cleantiv-byildcare-1536x864.png 1536w\" sizes=\"(max-width: 1920px) 100vw, 1920px\" \/>\t\t\t\t\t\t\t\t\t\t\t\t\t\t\t<\/div>\n\t\t\t\t<\/div>\n\t\t\t\t\t<\/div>\n\t\t\t\t<\/div>\n\t\t\t\t<\/div>\n\t\t","protected":false},"excerpt":{"rendered":"<p>Durante muito tempo, o cuidado com a pele foi associado exclusivamente \u00e0 est\u00e9tica. No entanto, a dermatologia moderna trouxe uma nova perspectiva: a pele \u00e9 um \u00f3rg\u00e3o vital, essencial para a prote\u00e7\u00e3o do organismo e manuten\u00e7\u00e3o da sa\u00fade. No Grupo Byild, essa vis\u00e3o \u00e9 central. Desenvolvemos solu\u00e7\u00f5es que v\u00e3o al\u00e9m da&hellip;<\/p>\n","protected":false},"author":1,"featured_media":4406,"comment_status":"closed","ping_status":"closed","sticky":false,"template":"","format":"standard","meta":{"footnotes":""},"categories":[1],"tags":[18,24,22,25,23,19,21,20],"class_list":["post-4402","post","type-post","status-publish","format-standard","has-post-thumbnail","hentry","category-blog","tag-byildcare","tag-cuidadosdermatologicos","tag-dermocosmeticos","tag-feiradesaude","tag-grupobyild","tag-hospitalar2024","tag-inovacaoemsaude","tag-saudeacessivel"],"_links":{"self":[{"href":"https:\/\/grupobyild.com.br\/index.php\/wp-json\/wp\/v2\/posts\/4402","targetHints":{"allow":["GET"]}}],"collection":[{"href":"https:\/\/grupobyild.com.br\/index.php\/wp-json\/wp\/v2\/posts"}],"about":[{"href":"https:\/\/grupobyild.com.br\/index.php\/wp-json\/wp\/v2\/types\/post"}],"author":[{"embeddable":true,"href":"https:\/\/grupobyild.com.br\/index.php\/wp-json\/wp\/v2\/users\/1"}],"replies":[{"embeddable":true,"href":"https:\/\/grupobyild.com.br\/index.php\/wp-json\/wp\/v2\/comments?post=4402"}],"version-history":[{"count":10,"href":"https:\/\/grupobyild.com.br\/index.php\/wp-json\/wp\/v2\/posts\/4402\/revisions"}],"predecessor-version":[{"id":4414,"href":"https:\/\/grupobyild.com.br\/index.php\/wp-json\/wp\/v2\/posts\/4402\/revisions\/4414"}],"wp:featuredmedia":[{"embeddable":true,"href":"https:\/\/grupobyild.com.br\/index.php\/wp-json\/wp\/v2\/media\/4406"}],"wp:attachment":[{"href":"https:\/\/grupobyild.com.br\/index.php\/wp-json\/wp\/v2\/media?parent=4402"}],"wp:term":[{"taxonomy":"category","embeddable":true,"href":"https:\/\/grupobyild.com.br\/index.php\/wp-json\/wp\/v2\/categories?post=4402"},{"taxonomy":"post_tag","embeddable":true,"href":"https:\/\/grupobyild.com.br\/index.php\/wp-json\/wp\/v2\/tags?post=4402"}],"curies":[{"name":"wp","href":"https:\/\/api.w.org\/{rel}","templated":true}]}}