{"id":4426,"date":"2026-03-21T12:57:54","date_gmt":"2026-03-21T15:57:54","guid":{"rendered":"https:\/\/grupobyild.com.br\/?p=4426"},"modified":"2026-03-22T14:11:50","modified_gmt":"2026-03-22T17:11:50","slug":"linha-barrier-byildcare","status":"publish","type":"post","link":"https:\/\/grupobyild.com.br\/index.php\/2026\/03\/21\/linha-barrier-byildcare\/","title":{"rendered":"Barreira cut\u00e2nea: o conceito mais importante da dermatologia moderna &#8211; A Base da Sa\u00fade da Pele"},"content":{"rendered":"\t\t<div data-elementor-type=\"wp-post\" data-elementor-id=\"4426\" class=\"elementor elementor-4426\">\n\t\t\t\t<div class=\"elementor-element elementor-element-273c61c4 e-flex e-con-boxed lakit-col-width-auto-no e-container e-root-container elementor-top-section e-con e-parent\" data-id=\"273c61c4\" data-element_type=\"container\" data-e-type=\"container\">\n\t\t\t\t\t<div class=\"e-con-inner\">\n\t\t\t\t<div class=\"elementor-element elementor-element-1bed0a2d elementor-drop-cap-yes elementor-drop-cap-view-default elementor-widget elementor-widget-text-editor\" data-id=\"1bed0a2d\" data-element_type=\"widget\" data-e-type=\"widget\" data-settings=\"{&quot;drop_cap&quot;:&quot;yes&quot;}\" data-widget_type=\"text-editor.default\">\n\t\t\t\t<div class=\"elementor-widget-container\">\n\t\t\t\t\t\t\t\t\t<h2>A Base da Sa\u00fade da Pele<\/h2><p>A pele possui um mecanismo essencial para sua prote\u00e7\u00e3o: a barreira cut\u00e2nea.<\/p><p>Essa estrutura \u00e9 respons\u00e1vel por manter o equil\u00edbrio da pele, protegendo o organismo contra agress\u00f5es externas e evitando a perda de hidrata\u00e7\u00e3o.<\/p><p>Quando a barreira est\u00e1 \u00edntegra, a pele permanece saud\u00e1vel. Quando est\u00e1 comprometida, surgem riscos reais.<\/p><hr \/><h2><br \/>O Que \u00e9 a Barreira Cut\u00e2nea<\/h2><p>A barreira cut\u00e2nea \u00e9 formada por uma camada protetora que atua como um escudo natural da pele.<\/p><p>Suas principais fun\u00e7\u00f5es s\u00e3o:<\/p><ul><li><p>Proteger contra microrganismos<\/p><\/li><li><p>Reduzir a perda de \u00e1gua<\/p><\/li><li><p>Evitar irrita\u00e7\u00f5es e inflama\u00e7\u00f5es<\/p><\/li><li><p>Manter o equil\u00edbrio fisiol\u00f3gico da pele<\/p><\/li><\/ul><p>\u00c9 a primeira linha de defesa do corpo.<\/p><hr \/><h2><br \/>O Que Acontece Quando a Barreira \u00e9 Comprometida<\/h2><p>Quando essa prote\u00e7\u00e3o \u00e9 enfraquecida, a pele se torna vulner\u00e1vel.<\/p><p>Os principais sinais incluem:<\/p><ul><li><p>Ressecamento intenso<\/p><\/li><li><p>Vermelhid\u00e3o e irrita\u00e7\u00e3o<\/p><\/li><li><p>Sensibilidade aumentada<\/p><\/li><li><p>Surgimento de les\u00f5es<\/p><\/li><\/ul><p>Em casos mais graves, podem evoluir para feridas e infec\u00e7\u00f5es.<\/p><hr \/><h2><br \/>O Impacto em Idosos e Pessoas com Mobilidade Reduzida<\/h2><p>Pacientes idosos, cadeirantes ou acamados possuem maior risco de comprometimento da barreira cut\u00e2nea.<\/p><p>Isso ocorre devido a fatores como:<\/p><ul><li><p>Press\u00e3o constante em regi\u00f5es do corpo<\/p><\/li><li><p>Atrito com superf\u00edcies<\/p><\/li><li><p>Umidade prolongada<\/p><\/li><li><p>Fragilidade natural da pele<\/p><\/li><\/ul><p>Essas condi\u00e7\u00f5es aumentam significativamente o risco de:<\/p><ul><li><p>Les\u00f5es por press\u00e3o<\/p><\/li><li><p>Assaduras<\/p><\/li><li><p>Dermatites<\/p><\/li><li><p>Infec\u00e7\u00f5es cut\u00e2neas<\/p><\/li><\/ul><p>Cuidar da barreira cut\u00e2nea nesses casos n\u00e3o \u00e9 opcional \u2014 \u00e9 essencial.<\/p><hr \/><h2><br \/>A Import\u00e2ncia da Prote\u00e7\u00e3o Cont\u00ednua da Pele<\/h2><p>A preven\u00e7\u00e3o \u00e9 o caminho mais eficaz para evitar complica\u00e7\u00f5es.<\/p><p>Manter a barreira cut\u00e2nea protegida reduz drasticamente os riscos e melhora a qualidade de vida do paciente.<\/p><p>Os cuidados essenciais incluem:<\/p><ul><li><p>Hidrata\u00e7\u00e3o adequada<\/p><\/li><li><p>Redu\u00e7\u00e3o de atrito<\/p><\/li><li><p>Controle da umidade<\/p><\/li><li><p>Uso de produtos dermoprotetores<\/p><\/li><\/ul><hr \/><h2><br \/>BARRIER: Prote\u00e7\u00e3o Inteligente da Pele<\/h2><p>O <strong>BARRIER \u2013 Creme Dermoprotetor Restaurador<\/strong> foi desenvolvido para atuar diretamente na prote\u00e7\u00e3o da pele, formando uma barreira que refor\u00e7a a defesa natural do organismo.<\/p><p>Sua a\u00e7\u00e3o promove:<\/p><ul><li><p>Prote\u00e7\u00e3o contra umidade e atrito<\/p><\/li><li><p>Preven\u00e7\u00e3o de les\u00f5es e assaduras<\/p><\/li><li><p>Fortalecimento da barreira cut\u00e2nea<\/p><\/li><li><p>Redu\u00e7\u00e3o de riscos de irrita\u00e7\u00f5es<\/p><\/li><\/ul><hr \/><h2><br \/>Benef\u00edcios do BARRIER<\/h2><ul><li><p>Forma\u00e7\u00e3o de pel\u00edcula protetora sobre a pele<\/p><\/li><li><p>Aux\u00edlio na preven\u00e7\u00e3o de les\u00f5es por press\u00e3o<\/p><\/li><li><p>Prote\u00e7\u00e3o em \u00e1reas de risco (dobras, regi\u00f5es de contato e apoio)<\/p><\/li><li><p>Indicado para cuidados cont\u00ednuos em pacientes vulner\u00e1veis<\/p><\/li><\/ul><p>Ideal para protocolos cl\u00ednicos e cuidados di\u00e1rios com a pele fragilizada.<\/p><hr \/><h2><br \/>Conclus\u00e3o<\/h2><p>Toda pele saud\u00e1vel come\u00e7a com uma barreira protegida.<\/p><p>Cuidar da barreira cut\u00e2nea \u00e9 preservar a integridade da pele, prevenir complica\u00e7\u00f5es e garantir dignidade no cuidado.<\/p><p><strong>Grupo Byild<\/strong><br \/>CONSTRU\u00cdNDO PELES, RESTAURANDO VIDAS.<\/p>\t\t\t\t\t\t\t\t<\/div>\n\t\t\t\t<\/div>\n\t\t\t\t\t<\/div>\n\t\t\t\t<\/div>\n\t\t<div class=\"elementor-element elementor-element-f292188 e-flex e-con-boxed lakit-col-width-auto-no e-container e-root-container elementor-top-section e-con e-parent\" data-id=\"f292188\" data-element_type=\"container\" data-e-type=\"container\">\n\t\t\t\t\t<div class=\"e-con-inner\">\n\t\t\t\t<div class=\"elementor-element elementor-element-630f0bd elementor-widget elementor-widget-spacer\" data-id=\"630f0bd\" data-element_type=\"widget\" data-e-type=\"widget\" data-widget_type=\"spacer.default\">\n\t\t\t\t<div class=\"elementor-widget-container\">\n\t\t\t\t\t\t\t<div class=\"elementor-spacer\">\n\t\t\t<div class=\"elementor-spacer-inner\"><\/div>\n\t\t<\/div>\n\t\t\t\t\t\t<\/div>\n\t\t\t\t<\/div>\n\t\t\t\t<div class=\"elementor-element elementor-element-3413e8d elementor-widget elementor-widget-image\" data-id=\"3413e8d\" data-element_type=\"widget\" data-e-type=\"widget\" data-widget_type=\"image.default\">\n\t\t\t\t<div class=\"elementor-widget-container\">\n\t\t\t\t\t\t\t\t\t\t\t\t\t\t\t<img fetchpriority=\"high\" decoding=\"async\" width=\"1920\" height=\"1080\" src=\"https:\/\/grupobyild.com.br\/wp-content\/uploads\/2026\/03\/barrier-byildcare.png\" class=\"attachment-large size-large wp-image-4436\" alt=\"\" srcset=\"https:\/\/grupobyild.com.br\/wp-content\/uploads\/2026\/03\/barrier-byildcare.png 1920w, https:\/\/grupobyild.com.br\/wp-content\/uploads\/2026\/03\/barrier-byildcare-1536x864.png 1536w\" sizes=\"(max-width: 1920px) 100vw, 1920px\" \/>\t\t\t\t\t\t\t\t\t\t\t\t\t\t\t<\/div>\n\t\t\t\t<\/div>\n\t\t\t\t\t<\/div>\n\t\t\t\t<\/div>\n\t\t\t\t<\/div>\n\t\t","protected":false},"excerpt":{"rendered":"<p>A Base da Sa\u00fade da Pele A pele possui um mecanismo essencial para sua prote\u00e7\u00e3o: a barreira cut\u00e2nea. Essa estrutura \u00e9 respons\u00e1vel por manter o equil\u00edbrio da pele, protegendo o organismo contra agress\u00f5es externas e evitando a perda de hidrata\u00e7\u00e3o. Quando a barreira est\u00e1 \u00edntegra, a pele permanece saud\u00e1vel. Quando est\u00e1&hellip;<\/p>\n","protected":false},"author":1,"featured_media":4431,"comment_status":"closed","ping_status":"closed","sticky":false,"template":"","format":"standard","meta":{"footnotes":""},"categories":[1],"tags":[18,24,22,25,23,19,21,20],"class_list":["post-4426","post","type-post","status-publish","format-standard","has-post-thumbnail","hentry","category-blog","tag-byildcare","tag-cuidadosdermatologicos","tag-dermocosmeticos","tag-feiradesaude","tag-grupobyild","tag-hospitalar2024","tag-inovacaoemsaude","tag-saudeacessivel"],"_links":{"self":[{"href":"https:\/\/grupobyild.com.br\/index.php\/wp-json\/wp\/v2\/posts\/4426","targetHints":{"allow":["GET"]}}],"collection":[{"href":"https:\/\/grupobyild.com.br\/index.php\/wp-json\/wp\/v2\/posts"}],"about":[{"href":"https:\/\/grupobyild.com.br\/index.php\/wp-json\/wp\/v2\/types\/post"}],"author":[{"embeddable":true,"href":"https:\/\/grupobyild.com.br\/index.php\/wp-json\/wp\/v2\/users\/1"}],"replies":[{"embeddable":true,"href":"https:\/\/grupobyild.com.br\/index.php\/wp-json\/wp\/v2\/comments?post=4426"}],"version-history":[{"count":8,"href":"https:\/\/grupobyild.com.br\/index.php\/wp-json\/wp\/v2\/posts\/4426\/revisions"}],"predecessor-version":[{"id":4441,"href":"https:\/\/grupobyild.com.br\/index.php\/wp-json\/wp\/v2\/posts\/4426\/revisions\/4441"}],"wp:featuredmedia":[{"embeddable":true,"href":"https:\/\/grupobyild.com.br\/index.php\/wp-json\/wp\/v2\/media\/4431"}],"wp:attachment":[{"href":"https:\/\/grupobyild.com.br\/index.php\/wp-json\/wp\/v2\/media?parent=4426"}],"wp:term":[{"taxonomy":"category","embeddable":true,"href":"https:\/\/grupobyild.com.br\/index.php\/wp-json\/wp\/v2\/categories?post=4426"},{"taxonomy":"post_tag","embeddable":true,"href":"https:\/\/grupobyild.com.br\/index.php\/wp-json\/wp\/v2\/tags?post=4426"}],"curies":[{"name":"wp","href":"https:\/\/api.w.org\/{rel}","templated":true}]}}